{"id":1224,"date":"2017-09-24T15:33:19","date_gmt":"2017-09-24T15:33:19","guid":{"rendered":"http:\/\/www.speakup.lt\/?p=1224"},"modified":"2017-09-24T15:33:19","modified_gmt":"2017-09-24T15:33:19","slug":"speak-up-persikelia-i-naujas-patalpas","status":"publish","type":"post","link":"https:\/\/www.speakup.lt\/en\/speak-up-persikelia-i-naujas-patalpas\/","title":{"rendered":"&#8222;Speak Up&#8221; keliasi \u012f naujas patalpas"},"content":{"rendered":"<div>\n<p>Jau kelerius metus s\u0117kmingai gyvuojanti kalb\u0173 mokykla \u201eSpeak up\u201c \u012f ruden\u012f \u012fsib\u0117g\u0117ja vedama jaunatvi\u0161kos energijos ir poky\u010di\u0173 noro \u2013 pirmadien\u012f duris prav\u0117r\u0117 naujos mokyklos <a title=\"Parduodamos patalpos Kaune\" href=\"http:\/\/skelbimai.kasvyksta.lt\/kaunas\/nekilnojamas-turtas\/patalpos\/\" target=\"_blank\" rel=\"noopener noreferrer\">patalpos<\/a>, esan\u010dios Gedimino g. 47.<\/p>\n<\/div>\n<div>\n<div id=\"gal\">\n<div id=\"small-thumbs\">\n<div class=\"galerijos-thumb\">\n<p>\u201eSpeak up\u201c \u2013 \u012fvairaus am\u017eiaus ir visoki\u0173 poreiki\u0173 turintiems \u017emon\u0117ms pritaikyti u\u017esienio kalb\u0173 kursai, pagr\u012fsti neformalumu ir individualiu d\u0117mesiu kiekvienam studentui. Prie\u0161 kelerius metus dar tik id\u0117ja \u012fk\u016br\u0117jos Brigitos galvoje buvusi, kalb\u0173 mokykla gerokai i\u0161sipl\u0117t\u0117, tod\u0117l teko ie\u0161koti erdvesni\u0173 patalp\u0173.<\/p>\n<\/div>\n<\/div>\n<\/div>\n<p>\u201eMokykla gim\u0117 i\u0161 meil\u0117s savo darbui. I\u0161 prad\u017ei\u0173 l\u0117tai, atsargiai, bet dabar dr\u0105siai ir su pol\u0117kiu. Prad\u0117jau viena, o dabar m\u016bs\u0173 kolektyve \u2013 12 \u017emoni\u0173, be kuri\u0173 palaikymo ir u\u017esivedimo \u201eSpeak Up\u201c tiesiog ne\u012fsivaizduoju\u201c \u2013 pasakoja \u012fk\u016br\u0117ja Brigita. Taip pat pa\u0161nekov\u0117 pastebi, jog student\u0173 ratas vis ple\u010diasi \u2013 nema\u017ea dalis student\u0173 mokosi nuo pat mokyklos atidarymo, mat tai jiems tampa savoti\u0161ka terapija. \u201eMes tampame kiekvieno m\u016bs\u0173 studento draugu, vedliu, sukuriame jaukum\u0105, kurio mes visi da\u017enai pasiilgstame.\u201c<\/p>\n<\/div>\n<p>Skaitykite vis\u0105 straipsn\u012f: <a href=\"http:\/\/kaunas.kasvyksta.lt\/2017\/09\/19\/verslas\/unikali-kalbu-mokykla-persikelia-i-naujas-patalpas\/#ixzz4tbvEpjh0\" target=\"_blank\" rel=\"noopener\">http:\/\/kaunas.kasvyksta.lt\/2017\/09\/19\/verslas\/unikali-kalbu-mokykla-persikelia-i-naujas-patalpas\/#ixzz4tbvEpjh0<\/a><\/p>","protected":false},"excerpt":{"rendered":"<p>Jau kelerius metus s\u0117kmingai gyvuojanti kalb\u0173 mokykla \u201eSpeak up\u201c \u012f ruden\u012f \u012fsib\u0117g\u0117ja vedama jaunatvi\u0161kos energijos ir poky\u010di\u0173 noro \u2013 pirmadien\u012f duris prav\u0117r\u0117 [&hellip;]<\/p>","protected":false},"author":4,"featured_media":1275,"comment_status":"open","ping_status":"open","sticky":false,"template":"","format":"standard","meta":{"footnotes":""},"categories":[9],"tags":[],"class_list":["post-1224","post","type-post","status-publish","format-standard","has-post-thumbnail","hentry","category-naujienos"],"_links":{"self":[{"href":"https:\/\/www.speakup.lt\/en\/wp-json\/wp\/v2\/posts\/1224","targetHints":{"allow":["GET"]}}],"collection":[{"href":"https:\/\/www.speakup.lt\/en\/wp-json\/wp\/v2\/posts"}],"about":[{"href":"https:\/\/www.speakup.lt\/en\/wp-json\/wp\/v2\/types\/post"}],"author":[{"embeddable":true,"href":"https:\/\/www.speakup.lt\/en\/wp-json\/wp\/v2\/users\/4"}],"replies":[{"embeddable":true,"href":"https:\/\/www.speakup.lt\/en\/wp-json\/wp\/v2\/comments?post=1224"}],"version-history":[{"count":0,"href":"https:\/\/www.speakup.lt\/en\/wp-json\/wp\/v2\/posts\/1224\/revisions"}],"wp:featuredmedia":[{"embeddable":true,"href":"https:\/\/www.speakup.lt\/en\/wp-json\/wp\/v2\/media\/1275"}],"wp:attachment":[{"href":"https:\/\/www.speakup.lt\/en\/wp-json\/wp\/v2\/media?parent=1224"}],"wp:term":[{"taxonomy":"category","embeddable":true,"href":"https:\/\/www.speakup.lt\/en\/wp-json\/wp\/v2\/categories?post=1224"},{"taxonomy":"post_tag","embeddable":true,"href":"https:\/\/www.speakup.lt\/en\/wp-json\/wp\/v2\/tags?post=1224"}],"curies":[{"name":"wp","href":"https:\/\/api.w.org\/{rel}","templated":true}]}}